{"id":217,"date":"2019-06-18T17:55:30","date_gmt":"2019-06-18T15:55:30","guid":{"rendered":"https:\/\/www.geraldinemaurin.com\/pouratlefaire\/?p=217"},"modified":"2022-03-29T15:00:08","modified_gmt":"2022-03-29T13:00:08","slug":"vers-les-plats-pays","status":"publish","type":"post","link":"https:\/\/www.geraldinemaurin.com\/pouratlefaire\/2019\/06\/18\/vers-les-plats-pays\/","title":{"rendered":"Vers les plats pays"},"content":{"rendered":"<p>Vers les plats pays. 11 juin &#8211; 18 juin 2019<\/p>\n<p>Belgique, Pays Bas<\/p>\n<p>Notre Grande Charlotte est en examens. Pas la peine d\u2019arriver trop t\u00f4t dans la cit\u00e9 Bruxelloise. Et puis on s\u2019est dit qu\u2019on ne faisait pas plus de 3h de Camion par jour.<span class=\"Apple-converted-space\">\u00a0<\/span><\/p>\n<p>Premier stop \u00e0 l\u2019Abbaye de Cluny (71), du moins ce qu\u2019il en reste! Cette premi\u00e8re excursion est une vraie d\u00e9compression ! J\u2019ai l\u2019impression d\u2019\u00eatre un ballon de baudruche qui se d\u00e9gonfle tout doucement (et sans bruit !!).<\/p>\n<p><img loading=\"lazy\" class=\"alignnone size-medium wp-image-199\" src=\"https:\/\/www.geraldinemaurin.com\/pouratlefaire\/wp-content\/uploads\/2019\/06\/D9B8EBD9-9BEC-4A3C-BD57-670096E108C0-300x225.jpeg\" alt=\"\" width=\"300\" height=\"225\" srcset=\"https:\/\/www.geraldinemaurin.com\/pouratlefaire\/wp-content\/uploads\/2019\/06\/D9B8EBD9-9BEC-4A3C-BD57-670096E108C0-300x225.jpeg 300w, https:\/\/www.geraldinemaurin.com\/pouratlefaire\/wp-content\/uploads\/2019\/06\/D9B8EBD9-9BEC-4A3C-BD57-670096E108C0-768x576.jpeg 768w, https:\/\/www.geraldinemaurin.com\/pouratlefaire\/wp-content\/uploads\/2019\/06\/D9B8EBD9-9BEC-4A3C-BD57-670096E108C0-1024x768.jpeg 1024w, https:\/\/www.geraldinemaurin.com\/pouratlefaire\/wp-content\/uploads\/2019\/06\/D9B8EBD9-9BEC-4A3C-BD57-670096E108C0-1320x990.jpeg 1320w, https:\/\/www.geraldinemaurin.com\/pouratlefaire\/wp-content\/uploads\/2019\/06\/D9B8EBD9-9BEC-4A3C-BD57-670096E108C0.jpeg 1600w\" sizes=\"(max-width: 300px) 100vw, 300px\" \/><\/p>\n<p>Deuxi\u00e8me stop \u00e0 Verdun (55). Tr\u00e8s beau m\u00e9morial de la guerre 14-18. Mais le plus marquant c\u2019est la n\u00e9cropole&#8230; Plus 16 000 soldats enterr\u00e9s, 16 000 croix align\u00e9es. 16 000, c\u2019est un nombre colossal, inimaginable, invraisemblable&#8230; Difficile de se rendre compte&#8230; Sauf en voyant les rang\u00e9es de croix, en lisant les pr\u00e9noms et noms des gars&#8230;<\/p>\n<p>Mathilde me dit \u00ab\u00a0Maman, c\u2019est triste.\u00a0\u00bb No comment&#8230;<\/p>\n<p><img loading=\"lazy\" class=\"alignnone size-medium wp-image-203\" src=\"https:\/\/www.geraldinemaurin.com\/pouratlefaire\/wp-content\/uploads\/2019\/06\/A70557C5-D9A8-423D-897E-BECAFF9D51EB-300x225.jpeg\" alt=\"\" width=\"300\" height=\"225\" srcset=\"https:\/\/www.geraldinemaurin.com\/pouratlefaire\/wp-content\/uploads\/2019\/06\/A70557C5-D9A8-423D-897E-BECAFF9D51EB-300x225.jpeg 300w, https:\/\/www.geraldinemaurin.com\/pouratlefaire\/wp-content\/uploads\/2019\/06\/A70557C5-D9A8-423D-897E-BECAFF9D51EB-768x576.jpeg 768w, https:\/\/www.geraldinemaurin.com\/pouratlefaire\/wp-content\/uploads\/2019\/06\/A70557C5-D9A8-423D-897E-BECAFF9D51EB-1024x768.jpeg 1024w, https:\/\/www.geraldinemaurin.com\/pouratlefaire\/wp-content\/uploads\/2019\/06\/A70557C5-D9A8-423D-897E-BECAFF9D51EB-1320x990.jpeg 1320w, https:\/\/www.geraldinemaurin.com\/pouratlefaire\/wp-content\/uploads\/2019\/06\/A70557C5-D9A8-423D-897E-BECAFF9D51EB.jpeg 1600w\" sizes=\"(max-width: 300px) 100vw, 300px\" \/><\/p>\n<p>On passe la fronti\u00e8re. Belgique ! Les postes fronti\u00e8res sont morts. Il ne reste que des cahutes d\u00e9cr\u00e9pies et des vieilles barri\u00e8res pour se rappeler et expliquer aux enfants.<span class=\"Apple-converted-space\">\u00a0<\/span><\/p>\n<p>Bruxelles. Sa grande place, ses friteries, ses gaufres, sa bonne humeur, son mus\u00e9e de la BD et sa &#8230; pluie. Accessoire indispensable : le parapluie ! Qu\u2019importe! On retrouve Charlotte. Bonheur.<span class=\"Apple-converted-space\">\u00a0<\/span><\/p>\n<p><img loading=\"lazy\" class=\"alignnone size-medium wp-image-201\" src=\"https:\/\/www.geraldinemaurin.com\/pouratlefaire\/wp-content\/uploads\/2019\/06\/DE0D6E23-D286-4445-AD49-5975B357C270-300x225.jpeg\" alt=\"\" width=\"300\" height=\"225\" srcset=\"https:\/\/www.geraldinemaurin.com\/pouratlefaire\/wp-content\/uploads\/2019\/06\/DE0D6E23-D286-4445-AD49-5975B357C270-300x225.jpeg 300w, https:\/\/www.geraldinemaurin.com\/pouratlefaire\/wp-content\/uploads\/2019\/06\/DE0D6E23-D286-4445-AD49-5975B357C270-768x576.jpeg 768w, https:\/\/www.geraldinemaurin.com\/pouratlefaire\/wp-content\/uploads\/2019\/06\/DE0D6E23-D286-4445-AD49-5975B357C270-1024x768.jpeg 1024w, https:\/\/www.geraldinemaurin.com\/pouratlefaire\/wp-content\/uploads\/2019\/06\/DE0D6E23-D286-4445-AD49-5975B357C270-1320x990.jpeg 1320w, https:\/\/www.geraldinemaurin.com\/pouratlefaire\/wp-content\/uploads\/2019\/06\/DE0D6E23-D286-4445-AD49-5975B357C270.jpeg 1600w\" sizes=\"(max-width: 300px) 100vw, 300px\" \/><\/p>\n<p><img loading=\"lazy\" class=\"alignnone size-medium wp-image-202\" src=\"https:\/\/www.geraldinemaurin.com\/pouratlefaire\/wp-content\/uploads\/2019\/06\/87B118A9-82DC-46F7-AC7D-33D5D09BFA28-e1560851152739-225x300.jpeg\" alt=\"\" width=\"225\" height=\"300\" srcset=\"https:\/\/www.geraldinemaurin.com\/pouratlefaire\/wp-content\/uploads\/2019\/06\/87B118A9-82DC-46F7-AC7D-33D5D09BFA28-e1560851152739-225x300.jpeg 225w, https:\/\/www.geraldinemaurin.com\/pouratlefaire\/wp-content\/uploads\/2019\/06\/87B118A9-82DC-46F7-AC7D-33D5D09BFA28-e1560851152739-768x1024.jpeg 768w, https:\/\/www.geraldinemaurin.com\/pouratlefaire\/wp-content\/uploads\/2019\/06\/87B118A9-82DC-46F7-AC7D-33D5D09BFA28-e1560851152739.jpeg 1200w\" sizes=\"(max-width: 225px) 100vw, 225px\" \/><\/p>\n<p>Samedi, on roule vers Buggenhout, au nord de Bruxelles. Les parents de Dominica, la coloc de Charlotte nous ont invit\u00e9 \u00e0 un barbecue. Ils sont Polonais. Belle soir\u00e9e de multilingues ! (j\u2019ai un e-x-c-e-l-l-e-n-t niveau en Polonais ! Ah! Ah! )<\/p>\n<p>Pays Bas. Tiens, les fronti\u00e8res sont tellement mortes qu\u2019on n\u2019a m\u00eame pas vu celle-ci! Par contre, premier bac du Camion !<\/p>\n<p><img loading=\"lazy\" class=\"alignnone size-medium wp-image-208\" src=\"https:\/\/www.geraldinemaurin.com\/pouratlefaire\/wp-content\/uploads\/2019\/06\/54CF039D-CCF8-4A2A-BC3D-FE77A4656DE5-300x225.jpeg\" alt=\"\" width=\"300\" height=\"225\" srcset=\"https:\/\/www.geraldinemaurin.com\/pouratlefaire\/wp-content\/uploads\/2019\/06\/54CF039D-CCF8-4A2A-BC3D-FE77A4656DE5-300x225.jpeg 300w, https:\/\/www.geraldinemaurin.com\/pouratlefaire\/wp-content\/uploads\/2019\/06\/54CF039D-CCF8-4A2A-BC3D-FE77A4656DE5-768x576.jpeg 768w, https:\/\/www.geraldinemaurin.com\/pouratlefaire\/wp-content\/uploads\/2019\/06\/54CF039D-CCF8-4A2A-BC3D-FE77A4656DE5-1024x768.jpeg 1024w, https:\/\/www.geraldinemaurin.com\/pouratlefaire\/wp-content\/uploads\/2019\/06\/54CF039D-CCF8-4A2A-BC3D-FE77A4656DE5-1320x990.jpeg 1320w, https:\/\/www.geraldinemaurin.com\/pouratlefaire\/wp-content\/uploads\/2019\/06\/54CF039D-CCF8-4A2A-BC3D-FE77A4656DE5.jpeg 1600w\" sizes=\"(max-width: 300px) 100vw, 300px\" \/><\/p>\n<p>Sud de Rotterdam : les magnifiques moulins de Kinderdjik. C\u2019est tellement beau qu\u2019on a fait 13 456 pas sans m\u00eame s\u2019en rendre compte !<\/p>\n<p><img loading=\"lazy\" class=\"alignnone size-medium wp-image-206\" src=\"https:\/\/www.geraldinemaurin.com\/pouratlefaire\/wp-content\/uploads\/2019\/06\/51216289-ABF0-48B7-94C5-76750CFDA850-300x225.jpeg\" alt=\"\" width=\"300\" height=\"225\" srcset=\"https:\/\/www.geraldinemaurin.com\/pouratlefaire\/wp-content\/uploads\/2019\/06\/51216289-ABF0-48B7-94C5-76750CFDA850-300x225.jpeg 300w, https:\/\/www.geraldinemaurin.com\/pouratlefaire\/wp-content\/uploads\/2019\/06\/51216289-ABF0-48B7-94C5-76750CFDA850-768x576.jpeg 768w, https:\/\/www.geraldinemaurin.com\/pouratlefaire\/wp-content\/uploads\/2019\/06\/51216289-ABF0-48B7-94C5-76750CFDA850-1024x768.jpeg 1024w, https:\/\/www.geraldinemaurin.com\/pouratlefaire\/wp-content\/uploads\/2019\/06\/51216289-ABF0-48B7-94C5-76750CFDA850-1320x990.jpeg 1320w, https:\/\/www.geraldinemaurin.com\/pouratlefaire\/wp-content\/uploads\/2019\/06\/51216289-ABF0-48B7-94C5-76750CFDA850.jpeg 1600w\" sizes=\"(max-width: 300px) 100vw, 300px\" \/><\/p>\n<p><img loading=\"lazy\" class=\"alignnone size-medium wp-image-205\" src=\"https:\/\/www.geraldinemaurin.com\/pouratlefaire\/wp-content\/uploads\/2019\/06\/D3062A0A-9D3D-41E1-A890-A3DDEA7294F6-300x225.jpeg\" alt=\"\" width=\"300\" height=\"225\" srcset=\"https:\/\/www.geraldinemaurin.com\/pouratlefaire\/wp-content\/uploads\/2019\/06\/D3062A0A-9D3D-41E1-A890-A3DDEA7294F6-300x225.jpeg 300w, https:\/\/www.geraldinemaurin.com\/pouratlefaire\/wp-content\/uploads\/2019\/06\/D3062A0A-9D3D-41E1-A890-A3DDEA7294F6-768x576.jpeg 768w, https:\/\/www.geraldinemaurin.com\/pouratlefaire\/wp-content\/uploads\/2019\/06\/D3062A0A-9D3D-41E1-A890-A3DDEA7294F6-1024x768.jpeg 1024w, https:\/\/www.geraldinemaurin.com\/pouratlefaire\/wp-content\/uploads\/2019\/06\/D3062A0A-9D3D-41E1-A890-A3DDEA7294F6-1320x990.jpeg 1320w, https:\/\/www.geraldinemaurin.com\/pouratlefaire\/wp-content\/uploads\/2019\/06\/D3062A0A-9D3D-41E1-A890-A3DDEA7294F6.jpeg 1600w\" sizes=\"(max-width: 300px) 100vw, 300px\" \/><\/p>\n<p>Gouda. Charmante cit\u00e9 et d\u00e9licieux fromages! On se r\u00e9gale.<\/p>\n<p><img loading=\"lazy\" class=\"alignnone size-medium wp-image-209\" src=\"https:\/\/www.geraldinemaurin.com\/pouratlefaire\/wp-content\/uploads\/2019\/06\/91ACC98A-4AB8-4574-9B81-8BC022DECCFE-300x225.jpeg\" alt=\"\" width=\"300\" height=\"225\" srcset=\"https:\/\/www.geraldinemaurin.com\/pouratlefaire\/wp-content\/uploads\/2019\/06\/91ACC98A-4AB8-4574-9B81-8BC022DECCFE-300x225.jpeg 300w, https:\/\/www.geraldinemaurin.com\/pouratlefaire\/wp-content\/uploads\/2019\/06\/91ACC98A-4AB8-4574-9B81-8BC022DECCFE-768x576.jpeg 768w, https:\/\/www.geraldinemaurin.com\/pouratlefaire\/wp-content\/uploads\/2019\/06\/91ACC98A-4AB8-4574-9B81-8BC022DECCFE-1024x768.jpeg 1024w, https:\/\/www.geraldinemaurin.com\/pouratlefaire\/wp-content\/uploads\/2019\/06\/91ACC98A-4AB8-4574-9B81-8BC022DECCFE-1320x990.jpeg 1320w, https:\/\/www.geraldinemaurin.com\/pouratlefaire\/wp-content\/uploads\/2019\/06\/91ACC98A-4AB8-4574-9B81-8BC022DECCFE.jpeg 1600w\" sizes=\"(max-width: 300px) 100vw, 300px\" \/><\/p>\n<p>Nous voil\u00e0 \u00e0 Amsterdam pour 3 jours.<\/p>\n<p>On est cools. Le rythme change spontan\u00e9ment. le soleil se couche plus tard, on tra\u00eene un peu plus, on se l\u00e8ve bien apr\u00e8s le chant du coq. Mathilde travaille pendant les trajets avec application.<\/p>\n<p><img loading=\"lazy\" class=\"alignnone size-medium wp-image-200\" src=\"https:\/\/www.geraldinemaurin.com\/pouratlefaire\/wp-content\/uploads\/2019\/06\/F41F1EC9-5EFB-4A84-BC89-0F96DEF783C4-e1560851302159-225x300.jpeg\" alt=\"\" width=\"225\" height=\"300\" srcset=\"https:\/\/www.geraldinemaurin.com\/pouratlefaire\/wp-content\/uploads\/2019\/06\/F41F1EC9-5EFB-4A84-BC89-0F96DEF783C4-e1560851302159-225x300.jpeg 225w, https:\/\/www.geraldinemaurin.com\/pouratlefaire\/wp-content\/uploads\/2019\/06\/F41F1EC9-5EFB-4A84-BC89-0F96DEF783C4-e1560851302159-768x1024.jpeg 768w, https:\/\/www.geraldinemaurin.com\/pouratlefaire\/wp-content\/uploads\/2019\/06\/F41F1EC9-5EFB-4A84-BC89-0F96DEF783C4-e1560851302159.jpeg 1200w\" sizes=\"(max-width: 225px) 100vw, 225px\" \/><\/p>\n<p>C\u2019est un vrai plaisir d\u2019\u00eatre avec Guy &amp; Mady. On rit, on joue, on marche, on fl\u00e2ne, on bi\u00e8re, on observe, on partage, on trottinette!<span class=\"Apple-converted-space\">\u00a0<\/span><\/p>\n<p><img loading=\"lazy\" class=\"alignnone size-medium wp-image-204\" src=\"https:\/\/www.geraldinemaurin.com\/pouratlefaire\/wp-content\/uploads\/2019\/06\/E90594FD-35F4-43BE-8E86-92DC985BA632-e1560851223160-300x225.jpeg\" alt=\"\" width=\"300\" height=\"225\" srcset=\"https:\/\/www.geraldinemaurin.com\/pouratlefaire\/wp-content\/uploads\/2019\/06\/E90594FD-35F4-43BE-8E86-92DC985BA632-e1560851223160-300x225.jpeg 300w, https:\/\/www.geraldinemaurin.com\/pouratlefaire\/wp-content\/uploads\/2019\/06\/E90594FD-35F4-43BE-8E86-92DC985BA632-e1560851223160-768x577.jpeg 768w, https:\/\/www.geraldinemaurin.com\/pouratlefaire\/wp-content\/uploads\/2019\/06\/E90594FD-35F4-43BE-8E86-92DC985BA632-e1560851223160-1024x769.jpeg 1024w, https:\/\/www.geraldinemaurin.com\/pouratlefaire\/wp-content\/uploads\/2019\/06\/E90594FD-35F4-43BE-8E86-92DC985BA632-e1560851223160-1320x992.jpeg 1320w, https:\/\/www.geraldinemaurin.com\/pouratlefaire\/wp-content\/uploads\/2019\/06\/E90594FD-35F4-43BE-8E86-92DC985BA632-e1560851223160.jpeg 1600w\" sizes=\"(max-width: 300px) 100vw, 300px\" \/><\/p>\n<p>On est tr\u00e8s contents de tous nos am\u00e9nagements dans le Camion. On dort comme des b\u00e9b\u00e9s. On profite.<span class=\"Apple-converted-space\">\u00a0<\/span><\/p>\n<p>Happiness !<\/p>\n","protected":false},"excerpt":{"rendered":"<p>Vers les plats pays. 11 juin &#8211; 18 juin 2019 Belgique, Pays Bas Notre Grande Charlotte est en examens. Pas la peine d\u2019arriver trop t\u00f4t dans la cit\u00e9 Bruxelloise. Et puis on s\u2019est dit qu\u2019on ne faisait pas plus de 3h de Camion par jour.\u00a0 Premier stop \u00e0 l\u2019Abbaye de Cluny (71), du moins ce [&hellip;]<\/p>\n","protected":false},"author":2,"featured_media":0,"comment_status":"closed","ping_status":"open","sticky":false,"template":"","format":"standard","meta":{"spay_email":""},"categories":[2,3],"tags":[],"jetpack_featured_media_url":"","_links":{"self":[{"href":"https:\/\/www.geraldinemaurin.com\/pouratlefaire\/wp-json\/wp\/v2\/posts\/217"}],"collection":[{"href":"https:\/\/www.geraldinemaurin.com\/pouratlefaire\/wp-json\/wp\/v2\/posts"}],"about":[{"href":"https:\/\/www.geraldinemaurin.com\/pouratlefaire\/wp-json\/wp\/v2\/types\/post"}],"author":[{"embeddable":true,"href":"https:\/\/www.geraldinemaurin.com\/pouratlefaire\/wp-json\/wp\/v2\/users\/2"}],"replies":[{"embeddable":true,"href":"https:\/\/www.geraldinemaurin.com\/pouratlefaire\/wp-json\/wp\/v2\/comments?post=217"}],"version-history":[{"count":3,"href":"https:\/\/www.geraldinemaurin.com\/pouratlefaire\/wp-json\/wp\/v2\/posts\/217\/revisions"}],"predecessor-version":[{"id":220,"href":"https:\/\/www.geraldinemaurin.com\/pouratlefaire\/wp-json\/wp\/v2\/posts\/217\/revisions\/220"}],"wp:attachment":[{"href":"https:\/\/www.geraldinemaurin.com\/pouratlefaire\/wp-json\/wp\/v2\/media?parent=217"}],"wp:term":[{"taxonomy":"category","embeddable":true,"href":"https:\/\/www.geraldinemaurin.com\/pouratlefaire\/wp-json\/wp\/v2\/categories?post=217"},{"taxonomy":"post_tag","embeddable":true,"href":"https:\/\/www.geraldinemaurin.com\/pouratlefaire\/wp-json\/wp\/v2\/tags?post=217"}],"curies":[{"name":"wp","href":"https:\/\/api.w.org\/{rel}","templated":true}]}}