{"id":1478,"date":"2019-12-02T06:02:25","date_gmt":"2019-12-02T05:02:25","guid":{"rendered":"https:\/\/www.geraldinemaurin.com\/pouratlefaire\/?p=1478"},"modified":"2022-03-29T15:01:52","modified_gmt":"2022-03-29T13:01:52","slug":"direction-asie-1er-decembre-2019","status":"publish","type":"post","link":"https:\/\/www.geraldinemaurin.com\/pouratlefaire\/2019\/12\/02\/direction-asie-1er-decembre-2019\/","title":{"rendered":"Direction Asie &#8211; 1er d\u00e9cembre 2019"},"content":{"rendered":"<p><strong>Hip hip hip Pourat 2 !!<\/strong><\/p>\n<p>Et voil\u00e0 ! C\u2019est reparti ! Et sous la pluie, s\u2019il vous pla\u00eet !!<\/p>\n<p><img loading=\"lazy\" class=\"alignnone size-full wp-image-1471\" src=\"https:\/\/www.geraldinemaurin.com\/pouratlefaire\/wp-content\/uploads\/2019\/12\/C1CF71EE-4ABC-4196-AEE2-AD2F7DFB4467-e1575193372239.jpeg\" alt=\"\" width=\"1024\" height=\"768\" srcset=\"https:\/\/www.geraldinemaurin.com\/pouratlefaire\/wp-content\/uploads\/2019\/12\/C1CF71EE-4ABC-4196-AEE2-AD2F7DFB4467-e1575193372239.jpeg 1024w, https:\/\/www.geraldinemaurin.com\/pouratlefaire\/wp-content\/uploads\/2019\/12\/C1CF71EE-4ABC-4196-AEE2-AD2F7DFB4467-e1575193372239-300x225.jpeg 300w, https:\/\/www.geraldinemaurin.com\/pouratlefaire\/wp-content\/uploads\/2019\/12\/C1CF71EE-4ABC-4196-AEE2-AD2F7DFB4467-e1575193372239-768x576.jpeg 768w\" sizes=\"(max-width: 1024px) 100vw, 1024px\" \/><\/p>\n<p>On a boucl\u00e9 nos valises et sacs (17kg pour Xavier, 7 kg pour Mathilde, 12kg pour moi) non sans mal et sans compter les aller-retours!<\/p>\n<p><img loading=\"lazy\" class=\"alignnone size-full wp-image-1468\" src=\"https:\/\/www.geraldinemaurin.com\/pouratlefaire\/wp-content\/uploads\/2019\/12\/9B4F6CDD-046D-4606-8FFB-301BFF3D6613.jpeg\" alt=\"\" width=\"1024\" height=\"768\" srcset=\"https:\/\/www.geraldinemaurin.com\/pouratlefaire\/wp-content\/uploads\/2019\/12\/9B4F6CDD-046D-4606-8FFB-301BFF3D6613.jpeg 1024w, https:\/\/www.geraldinemaurin.com\/pouratlefaire\/wp-content\/uploads\/2019\/12\/9B4F6CDD-046D-4606-8FFB-301BFF3D6613-300x225.jpeg 300w, https:\/\/www.geraldinemaurin.com\/pouratlefaire\/wp-content\/uploads\/2019\/12\/9B4F6CDD-046D-4606-8FFB-301BFF3D6613-768x576.jpeg 768w, https:\/\/www.geraldinemaurin.com\/pouratlefaire\/wp-content\/uploads\/2019\/12\/9B4F6CDD-046D-4606-8FFB-301BFF3D6613-1320x990.jpeg 1320w\" sizes=\"(max-width: 1024px) 100vw, 1024px\" \/><\/p>\n<p><img loading=\"lazy\" class=\"alignnone size-full wp-image-1470\" src=\"https:\/\/www.geraldinemaurin.com\/pouratlefaire\/wp-content\/uploads\/2019\/12\/FF0C3EA1-3DFB-4F37-B975-C69EFDF9081C.jpeg\" alt=\"\" width=\"1024\" height=\"768\" srcset=\"https:\/\/www.geraldinemaurin.com\/pouratlefaire\/wp-content\/uploads\/2019\/12\/FF0C3EA1-3DFB-4F37-B975-C69EFDF9081C.jpeg 1024w, https:\/\/www.geraldinemaurin.com\/pouratlefaire\/wp-content\/uploads\/2019\/12\/FF0C3EA1-3DFB-4F37-B975-C69EFDF9081C-300x225.jpeg 300w, https:\/\/www.geraldinemaurin.com\/pouratlefaire\/wp-content\/uploads\/2019\/12\/FF0C3EA1-3DFB-4F37-B975-C69EFDF9081C-768x576.jpeg 768w, https:\/\/www.geraldinemaurin.com\/pouratlefaire\/wp-content\/uploads\/2019\/12\/FF0C3EA1-3DFB-4F37-B975-C69EFDF9081C-1320x990.jpeg 1320w\" sizes=\"(max-width: 1024px) 100vw, 1024px\" \/><\/p>\n<p>On a r\u00e9gl\u00e9 les derniers d\u00e9tails techniques et administratifs : mises \u00e0 jour de l\u2019informatique (liseuses, Mac, iPod, disques durs&#8230;), dernier vaccin (typho\u00efde), constitution de la trousse \u00e0 pharmacie, couture (merci Huguette qui nous a confectionn\u00e9 des poches secr\u00e8tes dans nos pantalons !), traitement anti-moustiques des sacs \u00e0 viande et chemises manches longues, impression de papiers importants (visas, reservations), vidange du Camion, changement de banque et annulation de nos CB, traitement du courrier et le gros morceau : assurances ! C\u2019est un chapitre \u00e0 part enti\u00e8re&#8230; Apr\u00e8s des mois de prise de renseignements, d\u2019h\u00e9sitation, d\u2019\u00e9changes, apr\u00e8s 3 devis et de nombreux appels, nous avons d\u00e9cid\u00e9 de souscrire \u00e0 Chapka pour 7 mois. L\u2019assurance specialiste des voyages garantie la prise en charge \u00e0 0\u20ac (ils remboursent les frais sans d\u00e9marche aupr\u00e8s de la S\u00e9cu), prend en charge le rapatriement anticip\u00e9, le vol de bagages etc&#8230; On part sereins et on croise les doigts pour ne pas avoir \u00e0 faire \u00e0 eux malgr\u00e9 leur disponibilit\u00e9.<\/p>\n<p><span style=\"-webkit-tap-highlight-color: rgba(0, 0, 0, 0);\"><img loading=\"lazy\" class=\"alignnone size-full wp-image-1469\" src=\"https:\/\/www.geraldinemaurin.com\/pouratlefaire\/wp-content\/uploads\/2019\/12\/EC3583B9-DED4-43A5-9219-D0CF7625503F.jpeg\" alt=\"\" width=\"1024\" height=\"768\" srcset=\"https:\/\/www.geraldinemaurin.com\/pouratlefaire\/wp-content\/uploads\/2019\/12\/EC3583B9-DED4-43A5-9219-D0CF7625503F.jpeg 1024w, https:\/\/www.geraldinemaurin.com\/pouratlefaire\/wp-content\/uploads\/2019\/12\/EC3583B9-DED4-43A5-9219-D0CF7625503F-300x225.jpeg 300w, https:\/\/www.geraldinemaurin.com\/pouratlefaire\/wp-content\/uploads\/2019\/12\/EC3583B9-DED4-43A5-9219-D0CF7625503F-768x576.jpeg 768w, https:\/\/www.geraldinemaurin.com\/pouratlefaire\/wp-content\/uploads\/2019\/12\/EC3583B9-DED4-43A5-9219-D0CF7625503F-1320x990.jpeg 1320w\" sizes=\"(max-width: 1024px) 100vw, 1024px\" \/><\/span><\/p>\n<p>On a pass\u00e9 2 semaines \u00e0 courir un peu partout, \u00e0 faire le plein de copains, de famille et \u00e0 se r\u00e9galer de bons petits plats fa\u00e7on Pourat! Merci \u00e0 tous pour votre accueil !<\/p>\n<p>On est contents de d\u00e9marrer cette nouvelle aventure. Contents aussi de retrouver le rythme du voyage. Incroyable comme, en 15j, on a \u00e9t\u00e9 happ\u00e9s par le speed du quotidien !<\/p>\n<p>D\u00e9part de Lyon, Charlotte nous emm\u00e8ne.<\/p>\n<p><img loading=\"lazy\" class=\"alignnone size-full wp-image-1472\" src=\"https:\/\/www.geraldinemaurin.com\/pouratlefaire\/wp-content\/uploads\/2019\/12\/7B9D42BD-04BC-4C58-A42C-E8DC55B1F4FA.jpeg\" alt=\"\" width=\"1024\" height=\"768\" srcset=\"https:\/\/www.geraldinemaurin.com\/pouratlefaire\/wp-content\/uploads\/2019\/12\/7B9D42BD-04BC-4C58-A42C-E8DC55B1F4FA.jpeg 1024w, https:\/\/www.geraldinemaurin.com\/pouratlefaire\/wp-content\/uploads\/2019\/12\/7B9D42BD-04BC-4C58-A42C-E8DC55B1F4FA-300x225.jpeg 300w, https:\/\/www.geraldinemaurin.com\/pouratlefaire\/wp-content\/uploads\/2019\/12\/7B9D42BD-04BC-4C58-A42C-E8DC55B1F4FA-768x576.jpeg 768w, https:\/\/www.geraldinemaurin.com\/pouratlefaire\/wp-content\/uploads\/2019\/12\/7B9D42BD-04BC-4C58-A42C-E8DC55B1F4FA-1320x990.jpeg 1320w\" sizes=\"(max-width: 1024px) 100vw, 1024px\" \/><\/p>\n<p><img loading=\"lazy\" class=\"alignnone size-full wp-image-1473\" src=\"https:\/\/www.geraldinemaurin.com\/pouratlefaire\/wp-content\/uploads\/2019\/12\/E4CD84E8-B4F9-4572-98BA-D83D692CCD1C.jpeg\" alt=\"\" width=\"1024\" height=\"768\" srcset=\"https:\/\/www.geraldinemaurin.com\/pouratlefaire\/wp-content\/uploads\/2019\/12\/E4CD84E8-B4F9-4572-98BA-D83D692CCD1C.jpeg 1024w, https:\/\/www.geraldinemaurin.com\/pouratlefaire\/wp-content\/uploads\/2019\/12\/E4CD84E8-B4F9-4572-98BA-D83D692CCD1C-300x225.jpeg 300w, https:\/\/www.geraldinemaurin.com\/pouratlefaire\/wp-content\/uploads\/2019\/12\/E4CD84E8-B4F9-4572-98BA-D83D692CCD1C-768x576.jpeg 768w, https:\/\/www.geraldinemaurin.com\/pouratlefaire\/wp-content\/uploads\/2019\/12\/E4CD84E8-B4F9-4572-98BA-D83D692CCD1C-1320x990.jpeg 1320w\" sizes=\"(max-width: 1024px) 100vw, 1024px\" \/><\/p>\n<p><img loading=\"lazy\" class=\"alignnone size-full wp-image-1474\" src=\"https:\/\/www.geraldinemaurin.com\/pouratlefaire\/wp-content\/uploads\/2019\/12\/06A7B863-449B-46A3-9752-E725958CB432.jpeg\" alt=\"\" width=\"1024\" height=\"768\" srcset=\"https:\/\/www.geraldinemaurin.com\/pouratlefaire\/wp-content\/uploads\/2019\/12\/06A7B863-449B-46A3-9752-E725958CB432.jpeg 1024w, https:\/\/www.geraldinemaurin.com\/pouratlefaire\/wp-content\/uploads\/2019\/12\/06A7B863-449B-46A3-9752-E725958CB432-300x225.jpeg 300w, https:\/\/www.geraldinemaurin.com\/pouratlefaire\/wp-content\/uploads\/2019\/12\/06A7B863-449B-46A3-9752-E725958CB432-768x576.jpeg 768w, https:\/\/www.geraldinemaurin.com\/pouratlefaire\/wp-content\/uploads\/2019\/12\/06A7B863-449B-46A3-9752-E725958CB432-1320x990.jpeg 1320w\" sizes=\"(max-width: 1024px) 100vw, 1024px\" \/><\/p>\n<p><img loading=\"lazy\" class=\"alignnone size-full wp-image-1475\" src=\"https:\/\/www.geraldinemaurin.com\/pouratlefaire\/wp-content\/uploads\/2019\/12\/622CD9C9-51BA-408B-AB9D-8103BB5ACA06.jpeg\" alt=\"\" width=\"1024\" height=\"768\" srcset=\"https:\/\/www.geraldinemaurin.com\/pouratlefaire\/wp-content\/uploads\/2019\/12\/622CD9C9-51BA-408B-AB9D-8103BB5ACA06.jpeg 1024w, https:\/\/www.geraldinemaurin.com\/pouratlefaire\/wp-content\/uploads\/2019\/12\/622CD9C9-51BA-408B-AB9D-8103BB5ACA06-300x225.jpeg 300w, https:\/\/www.geraldinemaurin.com\/pouratlefaire\/wp-content\/uploads\/2019\/12\/622CD9C9-51BA-408B-AB9D-8103BB5ACA06-768x576.jpeg 768w, https:\/\/www.geraldinemaurin.com\/pouratlefaire\/wp-content\/uploads\/2019\/12\/622CD9C9-51BA-408B-AB9D-8103BB5ACA06-1320x990.jpeg 1320w\" sizes=\"(max-width: 1024px) 100vw, 1024px\" \/><\/p>\n<p><img loading=\"lazy\" class=\"alignnone size-full wp-image-1476\" src=\"https:\/\/www.geraldinemaurin.com\/pouratlefaire\/wp-content\/uploads\/2019\/12\/B0056174-4251-4B39-933C-844E75C72894.jpeg\" alt=\"\" width=\"1024\" height=\"768\" srcset=\"https:\/\/www.geraldinemaurin.com\/pouratlefaire\/wp-content\/uploads\/2019\/12\/B0056174-4251-4B39-933C-844E75C72894.jpeg 1024w, https:\/\/www.geraldinemaurin.com\/pouratlefaire\/wp-content\/uploads\/2019\/12\/B0056174-4251-4B39-933C-844E75C72894-300x225.jpeg 300w, https:\/\/www.geraldinemaurin.com\/pouratlefaire\/wp-content\/uploads\/2019\/12\/B0056174-4251-4B39-933C-844E75C72894-768x576.jpeg 768w, https:\/\/www.geraldinemaurin.com\/pouratlefaire\/wp-content\/uploads\/2019\/12\/B0056174-4251-4B39-933C-844E75C72894-1320x990.jpeg 1320w\" sizes=\"(max-width: 1024px) 100vw, 1024px\" \/><\/p>\n<p>Premi\u00e8re destination : Siem Riep au Cambodge pour d\u00e9couvrir les Temples d\u2019Angkor via Bangkok ! (D\u2019ailleurs on est bien arriv\u00e9s !!)<\/p>\n<p><img loading=\"lazy\" class=\"alignnone size-full wp-image-1477\" src=\"https:\/\/www.geraldinemaurin.com\/pouratlefaire\/wp-content\/uploads\/2019\/12\/4C3CE917-8908-49D7-8BEB-F125AC2A8C9C.jpeg\" alt=\"\" width=\"1024\" height=\"768\" srcset=\"https:\/\/www.geraldinemaurin.com\/pouratlefaire\/wp-content\/uploads\/2019\/12\/4C3CE917-8908-49D7-8BEB-F125AC2A8C9C.jpeg 1024w, https:\/\/www.geraldinemaurin.com\/pouratlefaire\/wp-content\/uploads\/2019\/12\/4C3CE917-8908-49D7-8BEB-F125AC2A8C9C-300x225.jpeg 300w, https:\/\/www.geraldinemaurin.com\/pouratlefaire\/wp-content\/uploads\/2019\/12\/4C3CE917-8908-49D7-8BEB-F125AC2A8C9C-768x576.jpeg 768w, https:\/\/www.geraldinemaurin.com\/pouratlefaire\/wp-content\/uploads\/2019\/12\/4C3CE917-8908-49D7-8BEB-F125AC2A8C9C-1320x990.jpeg 1320w\" sizes=\"(max-width: 1024px) 100vw, 1024px\" \/><\/p>\n<p>Y\u2019a plus qu\u2019\u00e0 PROFITER!<\/p>\n<p>Charade de Mathilde :<\/p>\n<p>Mon premier est un jeu qui tient dans la main et qui a 6 faces.<\/p>\n<p>Mon deuxi\u00e8me peut \u00eatre en tube, en b\u00e2ton, liquide ou solide. Je m\u2019en sers \u00e0 l\u2019\u00e9cole.<\/p>\n<p>Mon troisi\u00e8me est la premi\u00e8re lettre de l\u2019alphabet.<\/p>\n<p>Mon quatri\u00e8me est un pronom personnel \u00e0 la premi\u00e8re personne du singulier.<\/p>\n<p>Mon tout est la premi\u00e8re fois pour moi!<\/p>\n<p><img loading=\"lazy\" class=\"alignnone size-full wp-image-1481\" src=\"https:\/\/www.geraldinemaurin.com\/pouratlefaire\/wp-content\/uploads\/2019\/12\/446EAC75-E02E-4764-B487-BAB5B232A5CE.jpeg\" alt=\"\" width=\"1024\" height=\"768\" srcset=\"https:\/\/www.geraldinemaurin.com\/pouratlefaire\/wp-content\/uploads\/2019\/12\/446EAC75-E02E-4764-B487-BAB5B232A5CE.jpeg 1024w, https:\/\/www.geraldinemaurin.com\/pouratlefaire\/wp-content\/uploads\/2019\/12\/446EAC75-E02E-4764-B487-BAB5B232A5CE-300x225.jpeg 300w, https:\/\/www.geraldinemaurin.com\/pouratlefaire\/wp-content\/uploads\/2019\/12\/446EAC75-E02E-4764-B487-BAB5B232A5CE-768x576.jpeg 768w, https:\/\/www.geraldinemaurin.com\/pouratlefaire\/wp-content\/uploads\/2019\/12\/446EAC75-E02E-4764-B487-BAB5B232A5CE-1320x990.jpeg 1320w\" sizes=\"(max-width: 1024px) 100vw, 1024px\" \/><\/p>\n","protected":false},"excerpt":{"rendered":"<p>Hip hip hip Pourat 2 !! Et voil\u00e0 ! C\u2019est reparti ! Et sous la pluie, s\u2019il vous pla\u00eet !! On a boucl\u00e9 nos valises et sacs (17kg pour Xavier, 7 kg pour Mathilde, 12kg pour moi) non sans mal et sans compter les aller-retours! On a r\u00e9gl\u00e9 les derniers d\u00e9tails techniques et administratifs : [&hellip;]<\/p>\n","protected":false},"author":2,"featured_media":0,"comment_status":"closed","ping_status":"open","sticky":false,"template":"","format":"standard","meta":{"spay_email":""},"categories":[11],"tags":[],"jetpack_featured_media_url":"","_links":{"self":[{"href":"https:\/\/www.geraldinemaurin.com\/pouratlefaire\/wp-json\/wp\/v2\/posts\/1478"}],"collection":[{"href":"https:\/\/www.geraldinemaurin.com\/pouratlefaire\/wp-json\/wp\/v2\/posts"}],"about":[{"href":"https:\/\/www.geraldinemaurin.com\/pouratlefaire\/wp-json\/wp\/v2\/types\/post"}],"author":[{"embeddable":true,"href":"https:\/\/www.geraldinemaurin.com\/pouratlefaire\/wp-json\/wp\/v2\/users\/2"}],"replies":[{"embeddable":true,"href":"https:\/\/www.geraldinemaurin.com\/pouratlefaire\/wp-json\/wp\/v2\/comments?post=1478"}],"version-history":[{"count":3,"href":"https:\/\/www.geraldinemaurin.com\/pouratlefaire\/wp-json\/wp\/v2\/posts\/1478\/revisions"}],"predecessor-version":[{"id":1482,"href":"https:\/\/www.geraldinemaurin.com\/pouratlefaire\/wp-json\/wp\/v2\/posts\/1478\/revisions\/1482"}],"wp:attachment":[{"href":"https:\/\/www.geraldinemaurin.com\/pouratlefaire\/wp-json\/wp\/v2\/media?parent=1478"}],"wp:term":[{"taxonomy":"category","embeddable":true,"href":"https:\/\/www.geraldinemaurin.com\/pouratlefaire\/wp-json\/wp\/v2\/categories?post=1478"},{"taxonomy":"post_tag","embeddable":true,"href":"https:\/\/www.geraldinemaurin.com\/pouratlefaire\/wp-json\/wp\/v2\/tags?post=1478"}],"curies":[{"name":"wp","href":"https:\/\/api.w.org\/{rel}","templated":true}]}}